{"id":3885,"date":"2022-05-18T10:11:50","date_gmt":"2022-05-18T08:11:50","guid":{"rendered":"https:\/\/www.tesalys.fr\/?post_type=actu&#038;p=3885"},"modified":"2022-05-19T11:41:43","modified_gmt":"2022-05-19T09:41:43","slug":"medicos-sin-fronteras-x-tesalys-una-collaboracion-significativa","status":"publish","type":"actu","link":"https:\/\/www.tesalys.fr\/es\/actu\/medicos-sin-fronteras-x-tesalys-una-collaboracion-significativa\/","title":{"rendered":"M\u00e9dicos Sin Fronteras x TESALYS: una collaboraci\u00f3n significativa"},"content":{"rendered":"\n<div class=\"wp-block-columns is-layout-flex wp-container-core-columns-is-layout-1 wp-block-columns-is-layout-flex\">\n<div class=\"wp-block-column is-layout-flow wp-block-column-is-layout-flow\">\n<figure class=\"wp-block-image size-large\"><img decoding=\"async\" width=\"1024\" height=\"940\" src=\"https:\/\/www.tesalys.fr\/wp-content\/uploads\/2022\/05\/Visuels-GenevaHealthForum-2022_actu-1-1024x940.png\" alt=\"\" class=\"wp-image-3883\" srcset=\"https:\/\/www.tesalys.fr\/wp-content\/uploads\/2022\/05\/Visuels-GenevaHealthForum-2022_actu-1-1024x940.png 1024w, https:\/\/www.tesalys.fr\/wp-content\/uploads\/2022\/05\/Visuels-GenevaHealthForum-2022_actu-1-300x275.png 300w, https:\/\/www.tesalys.fr\/wp-content\/uploads\/2022\/05\/Visuels-GenevaHealthForum-2022_actu-1-768x705.png 768w, https:\/\/www.tesalys.fr\/wp-content\/uploads\/2022\/05\/Visuels-GenevaHealthForum-2022_actu-1-140x128.png 140w, https:\/\/www.tesalys.fr\/wp-content\/uploads\/2022\/05\/Visuels-GenevaHealthForum-2022_actu-1-110x101.png 110w, https:\/\/www.tesalys.fr\/wp-content\/uploads\/2022\/05\/Visuels-GenevaHealthForum-2022_actu-1-450x413.png 450w, https:\/\/www.tesalys.fr\/wp-content\/uploads\/2022\/05\/Visuels-GenevaHealthForum-2022_actu-1.png 1250w\" sizes=\"(max-width: 1024px) 100vw, 1024px\" \/><\/figure>\n<\/div>\n\n\n\n<div class=\"wp-block-column is-layout-flow wp-block-column-is-layout-flow\">\n<p>Los pasados 3, 4 y 5 de mayo, Tesalys estuvo en Suiza para honrar su colaboraci\u00f3n con M\u00e9dicos Sin Fronteras con motivo del <strong><span style=\"color:#ef7a00\" class=\"tadv-color\">Geneva Health Forum 2022<\/span><\/strong>, el foro que re\u00fane a los principales actores de la salud mundial.<\/p>\n\n\n\n<p>En esta ocasi\u00f3n, nuestros socios de siempre nos ofrecieron la oportunidad de presentar nuestra innovaci\u00f3n para poner de relieve el uso del tratamiento in situ de residuos infecciosos en los pa\u00edses en desarrollo.<\/p>\n\n\n\n<p>Desde hace casi 50 a\u00f1os, la organizaci\u00f3n no gubernamental <strong><span style=\"color:#ef7a00\" class=\"tadv-color\">M\u00e9dicos Sin Fronteras<\/span><\/strong> presta asistencia m\u00e9dica a las poblaciones que ven amenazada su vida o su salud, en todo el mundo: principalmente en caso de conflictos armados, pero tambi\u00e9n de epidemias, pandemias, cat\u00e1strofes naturales o exclusi\u00f3n asistencial.<\/p>\n<\/div>\n<\/div>\n\n\n\n<p>En 2014, la famosa ONG opt\u00f3 por introducir el tratamiento in situ en sus aplicaciones en Sierra Leona, Yemen y Kurdist\u00e1n. Su misi\u00f3n consiste en equipar los distintos establecimientos sanitarios, gestionar estas instalaciones y permitir as\u00ed una gesti\u00f3n mejor controlada y simplificada de los residuos con riesgo infeccioso.<\/p>\n\n\n\n<p>Tras la intervenci\u00f3n de M\u00e9dicos Sin Fronteras, los establecimientos implicados siguen integrando el tratamiento de los residuos infecciosos in situ, desarrollando as\u00ed el uso de nuestras soluciones.<\/p>\n\n\n\n<p>Esta colaboraci\u00f3n es una de las m\u00e1s significativas para Tesalys, ya que convierte<strong><span style=\"color:#ef7a00\" class=\"tadv-color\"> el tratamiento in situ en un proyecto humanitario<\/span><\/strong>, ya que MSF gestiona emplazamientos que pueden estar cerca de los campos de refugiados o en zonas relativamente remotas, lo que permite el acceso a la gesti\u00f3n y el tratamiento de residuos m\u00e9dicos para todos.<\/p>\n\n\n\n<p>Por ello, el Foro de Salud de Ginebra fue una oportunidad para destacar esta especial colaboraci\u00f3n, para lo cual Miquel Lozano intervino en una mesa redonda sobre el tema de la innovaci\u00f3n en contextos humanitarios, que es a la vez crucial y desafiante.<\/p>\n\n\n\n<p>Trabajar con las ONG es una verdadera fuente de innovaci\u00f3n para Tesalys, ya que es la mejor manera <span style=\"color:#ef7a00\" class=\"tadv-color\"><strong>de encontrar y desarrollar soluciones adaptadas a cada situaci\u00f3n y aplicaci\u00f3n<\/strong><\/span>. Este tipo de instalaci\u00f3n revela el uso intensivo de nuestras soluciones, lo que nos permite actuar sobre la eficiencia de nuestros sistemas y adaptarlos a cada necesidad.<\/p>\n\n\n\n<div class=\"wp-block-columns is-layout-flex wp-container-core-columns-is-layout-2 wp-block-columns-is-layout-flex\">\n<div class=\"wp-block-column is-layout-flow wp-block-column-is-layout-flow\">\n<p>Descubra el v\u00eddeo de presentaci\u00f3n de nuestros dispositivos STERIPLUS\u2122, producido y editado por nuestros socios de M\u00e9dicos Sin Fronteras Suiza, en el que se explica y detalla el uso de nuestros equipos en los dos proyectos piloto en Irak. M\u00e9dicos Sin Fronteras ha demostrado que es posible responsabilizarse de la gesti\u00f3n de los residuos sanitarios en los lugares m\u00e1s remotos.<\/p>\n\n\n\n<p>Les agradecemos su implicaci\u00f3n y dedicaci\u00f3n diarias para que las actividades sanitarias en todo el mundo sean controladas y responsables.<\/p>\n<\/div>\n\n\n\n<div class=\"wp-block-column is-layout-flow wp-block-column-is-layout-flow\">\n<figure class=\"wp-block-embed is-type-video is-provider-youtube wp-block-embed-youtube wp-embed-aspect-16-9 wp-has-aspect-ratio\"><div class=\"wp-block-embed__wrapper\">\n<iframe title=\"Steriplus is transforming waste management in the field - M\u00e9decins sans fronti\u00e8res\" width=\"1140\" height=\"641\" src=\"https:\/\/www.youtube.com\/embed\/VZvtjSchMBI?feature=oembed\" frameborder=\"0\" allow=\"accelerometer; autoplay; clipboard-write; encrypted-media; gyroscope; picture-in-picture\" allowfullscreen><\/iframe>\n<\/div><\/figure>\n<\/div>\n<\/div>\n\n\n\n<p><\/p>\n","protected":false},"featured_media":3877,"template":"","categories":[23],"class_list":["post-3885","actu","type-actu","status-publish","has-post-thumbnail","hentry","category-apurarse"],"yoast_head":"<!-- This site is optimized with the Yoast SEO plugin v26.8 - https:\/\/yoast.com\/product\/yoast-seo-wordpress\/ -->\n<title>M\u00e9dicos Sin Fronteras x TESALYS: una collaboraci\u00f3n significativa - Tesalys<\/title>\n<meta name=\"robots\" content=\"index, follow, max-snippet:-1, max-image-preview:large, max-video-preview:-1\" \/>\n<link rel=\"canonical\" href=\"https:\/\/www.tesalys.fr\/es\/actu\/medicos-sin-fronteras-x-tesalys-una-collaboracion-significativa\/\" \/>\n<meta property=\"og:locale\" content=\"es_ES\" \/>\n<meta property=\"og:type\" content=\"article\" \/>\n<meta property=\"og:title\" content=\"M\u00e9dicos Sin Fronteras x TESALYS: una collaboraci\u00f3n significativa - Tesalys\" \/>\n<meta property=\"og:description\" content=\"Los pasados 3, 4 y 5 de mayo, Tesalys estuvo en Suiza para honrar su colaboraci\u00f3n con M\u00e9dicos Sin Fronteras con motivo del Geneva Health Forum 2022, el foro que re\u00fane a los principales actores de la salud mundial. En esta ocasi\u00f3n, nuestros socios de siempre nos ofrecieron la oportunidad de presentar nuestra innovaci\u00f3n para [&hellip;]\" \/>\n<meta property=\"og:url\" content=\"https:\/\/www.tesalys.fr\/es\/actu\/medicos-sin-fronteras-x-tesalys-una-collaboracion-significativa\/\" \/>\n<meta property=\"og:site_name\" content=\"Tesalys\" \/>\n<meta property=\"article:modified_time\" content=\"2022-05-19T09:41:43+00:00\" \/>\n<meta property=\"og:image\" content=\"https:\/\/www.tesalys.fr\/wp-content\/uploads\/2022\/05\/defc6773-fe65-46af-b9fc-04fe11242b37-2-1024x768.png\" \/>\n\t<meta property=\"og:image:width\" content=\"1024\" \/>\n\t<meta property=\"og:image:height\" content=\"768\" \/>\n\t<meta property=\"og:image:type\" content=\"image\/png\" \/>\n<meta name=\"twitter:card\" content=\"summary_large_image\" \/>\n<meta name=\"twitter:label1\" content=\"Tiempo de lectura\" \/>\n\t<meta name=\"twitter:data1\" content=\"3 minutos\" \/>\n<script type=\"application\/ld+json\" class=\"yoast-schema-graph\">{\"@context\":\"https:\/\/schema.org\",\"@graph\":[{\"@type\":\"WebPage\",\"@id\":\"https:\/\/www.tesalys.fr\/es\/actu\/medicos-sin-fronteras-x-tesalys-una-collaboracion-significativa\/\",\"url\":\"https:\/\/www.tesalys.fr\/es\/actu\/medicos-sin-fronteras-x-tesalys-una-collaboracion-significativa\/\",\"name\":\"M\u00e9dicos Sin Fronteras x TESALYS: una collaboraci\u00f3n significativa - Tesalys\",\"isPartOf\":{\"@id\":\"https:\/\/www.tesalys.fr\/es\/#website\"},\"primaryImageOfPage\":{\"@id\":\"https:\/\/www.tesalys.fr\/es\/actu\/medicos-sin-fronteras-x-tesalys-una-collaboracion-significativa\/#primaryimage\"},\"image\":{\"@id\":\"https:\/\/www.tesalys.fr\/es\/actu\/medicos-sin-fronteras-x-tesalys-una-collaboracion-significativa\/#primaryimage\"},\"thumbnailUrl\":\"https:\/\/www.tesalys.fr\/wp-content\/uploads\/2022\/05\/defc6773-fe65-46af-b9fc-04fe11242b37-2.png\",\"datePublished\":\"2022-05-18T08:11:50+00:00\",\"dateModified\":\"2022-05-19T09:41:43+00:00\",\"breadcrumb\":{\"@id\":\"https:\/\/www.tesalys.fr\/es\/actu\/medicos-sin-fronteras-x-tesalys-una-collaboracion-significativa\/#breadcrumb\"},\"inLanguage\":\"es\",\"potentialAction\":[{\"@type\":\"ReadAction\",\"target\":[\"https:\/\/www.tesalys.fr\/es\/actu\/medicos-sin-fronteras-x-tesalys-una-collaboracion-significativa\/\"]}]},{\"@type\":\"ImageObject\",\"inLanguage\":\"es\",\"@id\":\"https:\/\/www.tesalys.fr\/es\/actu\/medicos-sin-fronteras-x-tesalys-una-collaboracion-significativa\/#primaryimage\",\"url\":\"https:\/\/www.tesalys.fr\/wp-content\/uploads\/2022\/05\/defc6773-fe65-46af-b9fc-04fe11242b37-2.png\",\"contentUrl\":\"https:\/\/www.tesalys.fr\/wp-content\/uploads\/2022\/05\/defc6773-fe65-46af-b9fc-04fe11242b37-2.png\",\"width\":1600,\"height\":1200},{\"@type\":\"BreadcrumbList\",\"@id\":\"https:\/\/www.tesalys.fr\/es\/actu\/medicos-sin-fronteras-x-tesalys-una-collaboracion-significativa\/#breadcrumb\",\"itemListElement\":[{\"@type\":\"ListItem\",\"position\":1,\"name\":\"Noticias\",\"item\":\"https:\/\/www.tesalys.fr\/es\/actu\/\"},{\"@type\":\"ListItem\",\"position\":2,\"name\":\"M\u00e9dicos Sin Fronteras x TESALYS: una collaboraci\u00f3n significativa\"}]},{\"@type\":\"WebSite\",\"@id\":\"https:\/\/www.tesalys.fr\/es\/#website\",\"url\":\"https:\/\/www.tesalys.fr\/es\/\",\"name\":\"Tesalys\",\"description\":\"Soluciones de tratamiento para residuos de riesgo infeccioso\",\"publisher\":{\"@id\":\"https:\/\/www.tesalys.fr\/es\/#organization\"},\"potentialAction\":[{\"@type\":\"SearchAction\",\"target\":{\"@type\":\"EntryPoint\",\"urlTemplate\":\"https:\/\/www.tesalys.fr\/es\/?s={search_term_string}\"},\"query-input\":{\"@type\":\"PropertyValueSpecification\",\"valueRequired\":true,\"valueName\":\"search_term_string\"}}],\"inLanguage\":\"es\"},{\"@type\":\"Organization\",\"@id\":\"https:\/\/www.tesalys.fr\/es\/#organization\",\"name\":\"TESALYS\",\"url\":\"https:\/\/www.tesalys.fr\/es\/\",\"logo\":{\"@type\":\"ImageObject\",\"inLanguage\":\"es\",\"@id\":\"https:\/\/www.tesalys.fr\/es\/#\/schema\/logo\/image\/\",\"url\":\"https:\/\/www.tesalys.fr\/wp-content\/uploads\/2020\/12\/tesalys-logo-header.jpg\",\"contentUrl\":\"https:\/\/www.tesalys.fr\/wp-content\/uploads\/2020\/12\/tesalys-logo-header.jpg\",\"width\":200,\"height\":74,\"caption\":\"TESALYS\"},\"image\":{\"@id\":\"https:\/\/www.tesalys.fr\/es\/#\/schema\/logo\/image\/\"}}]}<\/script>\n<!-- \/ Yoast SEO plugin. -->","yoast_head_json":{"title":"M\u00e9dicos Sin Fronteras x TESALYS: una collaboraci\u00f3n significativa - Tesalys","robots":{"index":"index","follow":"follow","max-snippet":"max-snippet:-1","max-image-preview":"max-image-preview:large","max-video-preview":"max-video-preview:-1"},"canonical":"https:\/\/www.tesalys.fr\/es\/actu\/medicos-sin-fronteras-x-tesalys-una-collaboracion-significativa\/","og_locale":"es_ES","og_type":"article","og_title":"M\u00e9dicos Sin Fronteras x TESALYS: una collaboraci\u00f3n significativa - Tesalys","og_description":"Los pasados 3, 4 y 5 de mayo, Tesalys estuvo en Suiza para honrar su colaboraci\u00f3n con M\u00e9dicos Sin Fronteras con motivo del Geneva Health Forum 2022, el foro que re\u00fane a los principales actores de la salud mundial. En esta ocasi\u00f3n, nuestros socios de siempre nos ofrecieron la oportunidad de presentar nuestra innovaci\u00f3n para [&hellip;]","og_url":"https:\/\/www.tesalys.fr\/es\/actu\/medicos-sin-fronteras-x-tesalys-una-collaboracion-significativa\/","og_site_name":"Tesalys","article_modified_time":"2022-05-19T09:41:43+00:00","og_image":[{"width":1024,"height":768,"url":"https:\/\/www.tesalys.fr\/wp-content\/uploads\/2022\/05\/defc6773-fe65-46af-b9fc-04fe11242b37-2-1024x768.png","type":"image\/png"}],"twitter_card":"summary_large_image","twitter_misc":{"Tiempo de lectura":"3 minutos"},"schema":{"@context":"https:\/\/schema.org","@graph":[{"@type":"WebPage","@id":"https:\/\/www.tesalys.fr\/es\/actu\/medicos-sin-fronteras-x-tesalys-una-collaboracion-significativa\/","url":"https:\/\/www.tesalys.fr\/es\/actu\/medicos-sin-fronteras-x-tesalys-una-collaboracion-significativa\/","name":"M\u00e9dicos Sin Fronteras x TESALYS: una collaboraci\u00f3n significativa - Tesalys","isPartOf":{"@id":"https:\/\/www.tesalys.fr\/es\/#website"},"primaryImageOfPage":{"@id":"https:\/\/www.tesalys.fr\/es\/actu\/medicos-sin-fronteras-x-tesalys-una-collaboracion-significativa\/#primaryimage"},"image":{"@id":"https:\/\/www.tesalys.fr\/es\/actu\/medicos-sin-fronteras-x-tesalys-una-collaboracion-significativa\/#primaryimage"},"thumbnailUrl":"https:\/\/www.tesalys.fr\/wp-content\/uploads\/2022\/05\/defc6773-fe65-46af-b9fc-04fe11242b37-2.png","datePublished":"2022-05-18T08:11:50+00:00","dateModified":"2022-05-19T09:41:43+00:00","breadcrumb":{"@id":"https:\/\/www.tesalys.fr\/es\/actu\/medicos-sin-fronteras-x-tesalys-una-collaboracion-significativa\/#breadcrumb"},"inLanguage":"es","potentialAction":[{"@type":"ReadAction","target":["https:\/\/www.tesalys.fr\/es\/actu\/medicos-sin-fronteras-x-tesalys-una-collaboracion-significativa\/"]}]},{"@type":"ImageObject","inLanguage":"es","@id":"https:\/\/www.tesalys.fr\/es\/actu\/medicos-sin-fronteras-x-tesalys-una-collaboracion-significativa\/#primaryimage","url":"https:\/\/www.tesalys.fr\/wp-content\/uploads\/2022\/05\/defc6773-fe65-46af-b9fc-04fe11242b37-2.png","contentUrl":"https:\/\/www.tesalys.fr\/wp-content\/uploads\/2022\/05\/defc6773-fe65-46af-b9fc-04fe11242b37-2.png","width":1600,"height":1200},{"@type":"BreadcrumbList","@id":"https:\/\/www.tesalys.fr\/es\/actu\/medicos-sin-fronteras-x-tesalys-una-collaboracion-significativa\/#breadcrumb","itemListElement":[{"@type":"ListItem","position":1,"name":"Noticias","item":"https:\/\/www.tesalys.fr\/es\/actu\/"},{"@type":"ListItem","position":2,"name":"M\u00e9dicos Sin Fronteras x TESALYS: una collaboraci\u00f3n significativa"}]},{"@type":"WebSite","@id":"https:\/\/www.tesalys.fr\/es\/#website","url":"https:\/\/www.tesalys.fr\/es\/","name":"Tesalys","description":"Soluciones de tratamiento para residuos de riesgo infeccioso","publisher":{"@id":"https:\/\/www.tesalys.fr\/es\/#organization"},"potentialAction":[{"@type":"SearchAction","target":{"@type":"EntryPoint","urlTemplate":"https:\/\/www.tesalys.fr\/es\/?s={search_term_string}"},"query-input":{"@type":"PropertyValueSpecification","valueRequired":true,"valueName":"search_term_string"}}],"inLanguage":"es"},{"@type":"Organization","@id":"https:\/\/www.tesalys.fr\/es\/#organization","name":"TESALYS","url":"https:\/\/www.tesalys.fr\/es\/","logo":{"@type":"ImageObject","inLanguage":"es","@id":"https:\/\/www.tesalys.fr\/es\/#\/schema\/logo\/image\/","url":"https:\/\/www.tesalys.fr\/wp-content\/uploads\/2020\/12\/tesalys-logo-header.jpg","contentUrl":"https:\/\/www.tesalys.fr\/wp-content\/uploads\/2020\/12\/tesalys-logo-header.jpg","width":200,"height":74,"caption":"TESALYS"},"image":{"@id":"https:\/\/www.tesalys.fr\/es\/#\/schema\/logo\/image\/"}}]}},"uagb_featured_image_src":{"full":["https:\/\/www.tesalys.fr\/wp-content\/uploads\/2022\/05\/defc6773-fe65-46af-b9fc-04fe11242b37-2.png",1600,1200,false],"thumbnail":["https:\/\/www.tesalys.fr\/wp-content\/uploads\/2022\/05\/defc6773-fe65-46af-b9fc-04fe11242b37-2-150x150.png",150,150,true],"medium":["https:\/\/www.tesalys.fr\/wp-content\/uploads\/2022\/05\/defc6773-fe65-46af-b9fc-04fe11242b37-2-300x225.png",300,225,true],"medium_large":["https:\/\/www.tesalys.fr\/wp-content\/uploads\/2022\/05\/defc6773-fe65-46af-b9fc-04fe11242b37-2-768x576.png",768,576,true],"large":["https:\/\/www.tesalys.fr\/wp-content\/uploads\/2022\/05\/defc6773-fe65-46af-b9fc-04fe11242b37-2-1024x768.png",1024,768,true],"1536x1536":["https:\/\/www.tesalys.fr\/wp-content\/uploads\/2022\/05\/defc6773-fe65-46af-b9fc-04fe11242b37-2-1536x1152.png",1536,1152,true],"2048x2048":["https:\/\/www.tesalys.fr\/wp-content\/uploads\/2022\/05\/defc6773-fe65-46af-b9fc-04fe11242b37-2.png",1600,1200,false],"home-actu":["https:\/\/www.tesalys.fr\/wp-content\/uploads\/2022\/05\/defc6773-fe65-46af-b9fc-04fe11242b37-2-455x280.png",455,280,true],"home-carousel":["https:\/\/www.tesalys.fr\/wp-content\/uploads\/2022\/05\/defc6773-fe65-46af-b9fc-04fe11242b37-2-1600x550.png",1600,550,true],"home-avantage":["https:\/\/www.tesalys.fr\/wp-content\/uploads\/2022\/05\/defc6773-fe65-46af-b9fc-04fe11242b37-2-140x105.png",140,105,true],"home-destinataire":["https:\/\/www.tesalys.fr\/wp-content\/uploads\/2022\/05\/defc6773-fe65-46af-b9fc-04fe11242b37-2-110x83.png",110,83,true],"produit-title":["https:\/\/www.tesalys.fr\/wp-content\/uploads\/2022\/05\/defc6773-fe65-46af-b9fc-04fe11242b37-2-450x338.png",450,338,true],"produit-title-800x800":["https:\/\/www.tesalys.fr\/wp-content\/uploads\/2022\/05\/defc6773-fe65-46af-b9fc-04fe11242b37-2-800x800.png",800,800,true],"produit-repeatable":["https:\/\/www.tesalys.fr\/wp-content\/uploads\/2022\/05\/defc6773-fe65-46af-b9fc-04fe11242b37-2-800x600.png",800,600,true]},"uagb_author_info":{"display_name":"Suzana Bosnjakovic","author_link":"https:\/\/www.tesalys.fr\/es\/author\/"},"uagb_comment_info":0,"uagb_excerpt":"Los pasados 3, 4 y 5 de mayo, Tesalys estuvo en Suiza para honrar su colaboraci\u00f3n con M\u00e9dicos Sin Fronteras con motivo del Geneva Health Forum 2022, el foro que re\u00fane a los principales actores de la salud mundial. En esta ocasi\u00f3n, nuestros socios de siempre nos ofrecieron la oportunidad de presentar nuestra innovaci\u00f3n para&hellip;","_links":{"self":[{"href":"https:\/\/www.tesalys.fr\/es\/wp-json\/wp\/v2\/actu\/3885","targetHints":{"allow":["GET"]}}],"collection":[{"href":"https:\/\/www.tesalys.fr\/es\/wp-json\/wp\/v2\/actu"}],"about":[{"href":"https:\/\/www.tesalys.fr\/es\/wp-json\/wp\/v2\/types\/actu"}],"wp:featuredmedia":[{"embeddable":true,"href":"https:\/\/www.tesalys.fr\/es\/wp-json\/wp\/v2\/media\/3877"}],"wp:attachment":[{"href":"https:\/\/www.tesalys.fr\/es\/wp-json\/wp\/v2\/media?parent=3885"}],"wp:term":[{"taxonomy":"category","embeddable":true,"href":"https:\/\/www.tesalys.fr\/es\/wp-json\/wp\/v2\/categories?post=3885"}],"curies":[{"name":"wp","href":"https:\/\/api.w.org\/{rel}","templated":true}]}}